{"id":7030,"date":"2023-09-26T08:39:11","date_gmt":"2023-09-26T13:39:11","guid":{"rendered":"https:\/\/civica.pe\/wp\/?p=7030"},"modified":"2023-09-26T08:39:14","modified_gmt":"2023-09-26T13:39:14","slug":"politica-clientelista-y-degradacion-universitaria","status":"publish","type":"post","link":"https:\/\/civica.pe\/wp\/opinion\/politica-clientelista-y-degradacion-universitaria\/","title":{"rendered":"Pol\u00edtica clientelista y degradaci\u00f3n universitaria\u00a0"},"content":{"rendered":"\n<p><\/p>\n\n\n\n<p>\u2013 \u00bfQu\u00e9 tienen en com\u00fan C\u00e9sar Acu\u00f1a Peralta, Jos\u00e9 Luis El\u00edas Avalos, Jos\u00e9 Luna G\u00e1lvez, y Joaqu\u00edn Ram\u00edrez Gamarra? \u2013 (1\u00ba.) todos son pol\u00edticos en actividad, muy cuestionados, eso s\u00ed, y (2\u00ba.) todos son due\u00f1os de universidades de p\u00e9sima calidad acad\u00e9mica.\u00a0\u00a0<\/p>\n\n\n\n<p><\/p>\n\n\n\n<p>Con respecto al 1er. factor com\u00fan, C\u00e9sar Acu\u00f1a es el actual Gobernador Regional de La Libertad. Jos\u00e9 Luis El\u00edas y Jos\u00e9 Luna G\u00e1lvez son Congresistas de la Rep\u00fablica \u2013 ambos \u2013 por el partido pol\u00edtico Podemos Per\u00fa. \u00a1Un joy\u00f3n de partido! Y Joaqu\u00edn Ram\u00edrez es el actual alcalde Provincial de Cajamarca. Como se ve, efectivamente, los 4 son pol\u00edticos en actividad.\u00a0<\/p>\n\n\n\n<p><\/p>\n\n\n\n<p>Ahora veamos el tema de la calidad acad\u00e9mica universitaria. Durante la d\u00e9cada comprendida entre los a\u00f1os 2009 y 2019, el 71% de los egresados de la Facultad de Medicina Humana de la Universidad C\u00e9sar Vallejo (UCV), de propiedad de Acu\u00f1a Peralta \u2013 repito, el 71% \u2013 desaprobaron el Examen Nacional de Medicina (ENAM). Y el 63% \u2013 repito, 63% \u2013 en el caso de los egresados de la Universidad Privada San Juan Bautista (UPSJB), de propiedad de El\u00edas \u00c1valos. O sea, en ambos casos, jalaron la mayor\u00eda.\u00a0<\/p>\n\n\n\n<p><\/p>\n\n\n\n<p>El ENAM es un examen que mide el conocimiento de los estudiantes universitarios egresados de facultades de Medicina Humana. El examen consiste en 200 preguntas y abarca las \u00e1reas de medicina general, pediatr\u00eda, ginecolog\u00eda y obstetricia, cirug\u00eda, salud p\u00fablica, y ciencias b\u00e1sicas. O sea, se trata de un examen \u2013 como toda prueba de conocimientos \u2013 que determina qui\u00e9n sabe y qui\u00e9n no.\u00a0<\/p>\n\n\n\n<p><\/p>\n\n\n\n<p>Bueno pues\u2026 la UCV y la UPSJB constituyen las peores universidades, a nivel nacional, en cuesti\u00f3n de conocimientos de sus estudiantes egresados de sus respectivas facultades de Medicina Humana. \u2013 \u00bfC\u00f3mo as\u00ed? \u00bfDe d\u00f3nde sale tal afirmaci\u00f3n? \u2013 Pues del trabajo de investigaci\u00f3n denominado \u201cExamen Nacional de Medicina (ENAM): An\u00e1lisis de la \u00faltima d\u00e9cada de evaluaciones te\u00f3ricas en los futuros m\u00e9dicos del Per\u00fa\u201d elaborado por los Doctores Giuston Mendoza \u2013 Chuctaya, Milagros Calla \u2013 Torres, Kevin Rodrigo Ramos y Christian R. Mej\u00eda; publicado en la Revista Acta M\u00e9dica Peruana (AMP), en setiembre 2021.\u00a0<\/p>\n\n\n\n<p><\/p>\n\n\n\n<p>A pesar de ello, ambas universidades \u2013 la UCV y la UPSJB \u2013 lograron el licenciamiento ante la Superintendencia Nacional de Educaci\u00f3n Superior Universitaria (SUNEDU). \u00bfC\u00f3mo lo lograron? Sabe Dios\u2026 pero el hecho es que lo lograron.\u00a0\u00a0<\/p>\n\n\n\n<p><\/p>\n\n\n\n<p>\u00bfQu\u00e9 pas\u00f3 con el licenciamiento de las universidades Telesup de Jos\u00e9 Luna G\u00e1lvez y Alas Peruanas de Joaqu\u00edn Ram\u00edrez? Nones. Ambas universidades, ni siquiera lograron el licenciamiento ante la SUNEDU.\u00a0\u00a0<\/p>\n\n\n\n<p><\/p>\n\n\n\n<p>Entre par\u00e9ntesis\u2026 ante el Estado peruano, un t\u00edtulo de Medicina Humana de la UCV o UPSJB \u2013 incluso de Telesup o Alas Peruanas \u2013 valen igual que un t\u00edtulo de universidades como la Universidad Peruana Cayetano Heredia (UPCH), la Universidad Nacional Mayor de San Marcos (UNMSM), la Universidad Peruana de Ciencias Aplicadas (UPC), y otras cuyos estudiantes lograron alt\u00edsimos niveles de aprobaci\u00f3n en las diversas versiones del ENAM. He ah\u00ed una de las consecuencias de la pol\u00edtica clientelista del presente art\u00edculo. \u00a1Qu\u00e9 descaro!\u00a0<\/p>\n\n\n\n<p><\/p>\n\n\n\n<p>Ahora bien, aparte del p\u00e9simo nivel acad\u00e9mico, dichas universidades \u2013 y otras m\u00e1s, igualmente malas \u2013 tienen suscritos sendos Convenios de Cooperaci\u00f3n Interinstitucional, tanto con el Ministerio P\u00fablico como con el Poder Judicial. Mediante dichos convenios, las universidades en cuesti\u00f3n otorgan beneficios econ\u00f3micos \u2013 l\u00e9ase cursos, diplomados, carreras, etc. a tarifas rebajadas \u2013 a jueces y fiscales, personal institucional, y \u2013 ojo con esto \u2013 a familiares. O sea, a hijos, c\u00f3nyuges, hermanos, etc. \u00a1Qu\u00e9 tal!\u00a0<\/p>\n\n\n\n<p><\/p>\n\n\n\n<p>Pregunta: \u00bfqu\u00e9 imparcialidad u objetividad judicial podemos esperar los peruanos cuando somos denunciados o querellados \u2013 como es mi caso \u2013 por estos pol\u00edticos clientelistas en actividad, due\u00f1os de las peores universidades del pa\u00eds? Ciertamente, ninguna. \u00bfC\u00f3mo creen que va a fallar un juez o fiscal ante un caso que involucre a Acu\u00f1a, El\u00edas, Luna o Ram\u00edrez, si de por medio est\u00e1 la carrera o diplomado de un hijo o hija del juez o fiscal correspondiente? Obviamente, fallar\u00e1 torcido.\u00a0<\/p>\n\n\n\n<p><\/p>\n\n\n\n<p>Mal SUNEDU por licenciar a las facultades de Medicina Humana de la UCV y UPSJB. Su ense\u00f1anza es de p\u00e9sima calidad. \u00a1Dios nos libre de caer en manos de m\u00e9dicos que desaprobaron el ENAM! Y mal tambi\u00e9n Ministerio P\u00fablico y Poder Judicial por suscribir Convenios de Cooperaci\u00f3n Interinstitucional con universidades de p\u00e9sima calidad acad\u00e9mica, cuyos propietarios son pol\u00edticos en actividad, recontra cuestionados.\u00a0\u00a0<\/p>\n\n\n\n<p><\/p>\n\n\n\n<p>Conclusi\u00f3n: la pol\u00edtica clientelista degrada la educaci\u00f3n universitaria. \u00a1No hay derecho!\u00a0<\/p>\n\n\n\n<p><\/p>\n\n\n\n<iframe style=\"border-radius:12px\" src=\"https:\/\/open.spotify.com\/embed\/episode\/4t9lWZUXqWrHmWqXxWzEI6?utm_source=generator&#038;theme=0\" width=\"100%\" height=\"152\" frameBorder=\"0\" allowfullscreen=\"\" allow=\"autoplay; clipboard-write; encrypted-media; fullscreen; picture-in-picture\" loading=\"lazy\"><\/iframe>\n","protected":false},"excerpt":{"rendered":"<p>\u2013 \u00bfQu\u00e9 tienen en com\u00fan C\u00e9sar Acu\u00f1a Peralta, Jos\u00e9 Luis El\u00edas Avalos, Jos\u00e9 Luna G\u00e1lvez, y Joaqu\u00edn Ram\u00edrez Gamarra? \u2013 (1\u00ba.) todos son pol\u00edticos en actividad, muy cuestionados, eso s\u00ed, y (2\u00ba.) todos son due\u00f1os de universidades de p\u00e9sima calidad acad\u00e9mica.  <\/p>\n","protected":false},"author":2,"featured_media":7031,"comment_status":"open","ping_status":"open","sticky":false,"template":"","format":"standard","meta":{"_FSMCFIC_featured_image_caption":"","_FSMCFIC_featured_image_nocaption":"","_FSMCFIC_featured_image_hide":"","footnotes":""},"categories":[37],"tags":[67,159,59],"class_list":["post-7030","post","type-post","status-publish","format-standard","has-post-thumbnail","hentry","category-opinion","tag-enam","tag-ucv","tag-upsjb"],"yoast_head":"<!-- This site is optimized with the Yoast SEO plugin v26.8 - https:\/\/yoast.com\/product\/yoast-seo-wordpress\/ -->\n<title>Pol\u00edtica clientelista y degradaci\u00f3n universitaria\u00a0 - C\u00cdVICA | Asociaci\u00f3n C\u00edvica del Per\u00fa<\/title>\n<meta name=\"robots\" content=\"index, follow, max-snippet:-1, max-image-preview:large, max-video-preview:-1\" \/>\n<link rel=\"canonical\" href=\"https:\/\/civica.pe\/wp\/opinion\/politica-clientelista-y-degradacion-universitaria\/\" \/>\n<meta property=\"og:locale\" content=\"es_ES\" \/>\n<meta property=\"og:type\" content=\"article\" \/>\n<meta property=\"og:title\" content=\"Pol\u00edtica clientelista y degradaci\u00f3n universitaria\" \/>\n<meta property=\"og:description\" content=\"\u2013 \u00bfQu\u00e9 tienen en com\u00fan C\u00e9sar Acu\u00f1a Peralta, Jos\u00e9 Luis El\u00edas Avalos, Jos\u00e9 Luna G\u00e1lvez, y Joaqu\u00edn Ram\u00edrez Gamarra? \u2013 (1\u00ba.) todos son pol\u00edticos en actividad, muy cuestionados, eso s\u00ed, y (2\u00ba.) todos son due\u00f1os de universidades de p\u00e9sima calidad acad\u00e9mica.\" \/>\n<meta property=\"og:url\" content=\"https:\/\/civica.pe\/wp\/opinion\/politica-clientelista-y-degradacion-universitaria\/\" \/>\n<meta property=\"og:site_name\" content=\"C\u00cdVICA | Asociaci\u00f3n C\u00edvica del Per\u00fa\" \/>\n<meta property=\"article:published_time\" content=\"2023-09-26T13:39:11+00:00\" \/>\n<meta property=\"article:modified_time\" content=\"2023-09-26T13:39:14+00:00\" \/>\n<meta property=\"og:image\" content=\"https:\/\/civica.pe\/wp\/wp-content\/uploads\/2023\/09\/Politica-clientelista-y-degradacion-universitaria.jpg\" \/>\n\t<meta property=\"og:image:width\" content=\"900\" \/>\n\t<meta property=\"og:image:height\" content=\"461\" \/>\n\t<meta property=\"og:image:type\" content=\"image\/jpeg\" \/>\n<meta name=\"author\" content=\"Fernando Cill\u00f3niz\" \/>\n<meta name=\"twitter:card\" content=\"summary_large_image\" \/>\n<meta name=\"twitter:title\" content=\"Pol\u00edtica clientelista y degradaci\u00f3n universitaria\" \/>\n<meta name=\"twitter:image\" content=\"https:\/\/civica.pe\/wp\/wp-content\/uploads\/2023\/09\/Politica-clientelista-y-degradacion-universitaria.jpg\" \/>\n<meta name=\"twitter:label1\" content=\"Escrito por\" \/>\n\t<meta name=\"twitter:data1\" content=\"Fernando Cill\u00f3niz\" \/>\n\t<meta name=\"twitter:label2\" content=\"Tiempo de lectura\" \/>\n\t<meta name=\"twitter:data2\" content=\"4 minutos\" \/>\n<script type=\"application\/ld+json\" class=\"yoast-schema-graph\">{\"@context\":\"https:\/\/schema.org\",\"@graph\":[{\"@type\":\"Article\",\"@id\":\"https:\/\/civica.pe\/wp\/opinion\/politica-clientelista-y-degradacion-universitaria\/#article\",\"isPartOf\":{\"@id\":\"https:\/\/civica.pe\/wp\/opinion\/politica-clientelista-y-degradacion-universitaria\/\"},\"author\":{\"name\":\"Fernando Cill\u00f3niz\",\"@id\":\"https:\/\/civica.pe\/wp\/#\/schema\/person\/4c38c04e3861c351481ed65e2a3af65b\"},\"headline\":\"Pol\u00edtica clientelista y degradaci\u00f3n universitaria\u00a0\",\"datePublished\":\"2023-09-26T13:39:11+00:00\",\"dateModified\":\"2023-09-26T13:39:14+00:00\",\"mainEntityOfPage\":{\"@id\":\"https:\/\/civica.pe\/wp\/opinion\/politica-clientelista-y-degradacion-universitaria\/\"},\"wordCount\":780,\"commentCount\":3,\"publisher\":{\"@id\":\"https:\/\/civica.pe\/wp\/#organization\"},\"image\":{\"@id\":\"https:\/\/civica.pe\/wp\/opinion\/politica-clientelista-y-degradacion-universitaria\/#primaryimage\"},\"thumbnailUrl\":\"https:\/\/civica.pe\/wp\/wp-content\/uploads\/2023\/09\/Politica-clientelista-y-degradacion-universitaria.jpg\",\"keywords\":[\"ENAM\",\"UCV\",\"UPSJB\"],\"articleSection\":[\"Opini\u00f3n\"],\"inLanguage\":\"es\",\"potentialAction\":[{\"@type\":\"CommentAction\",\"name\":\"Comment\",\"target\":[\"https:\/\/civica.pe\/wp\/opinion\/politica-clientelista-y-degradacion-universitaria\/#respond\"]}]},{\"@type\":\"WebPage\",\"@id\":\"https:\/\/civica.pe\/wp\/opinion\/politica-clientelista-y-degradacion-universitaria\/\",\"url\":\"https:\/\/civica.pe\/wp\/opinion\/politica-clientelista-y-degradacion-universitaria\/\",\"name\":\"Pol\u00edtica clientelista y degradaci\u00f3n universitaria\u00a0 - C\u00cdVICA | Asociaci\u00f3n C\u00edvica del Per\u00fa\",\"isPartOf\":{\"@id\":\"https:\/\/civica.pe\/wp\/#website\"},\"primaryImageOfPage\":{\"@id\":\"https:\/\/civica.pe\/wp\/opinion\/politica-clientelista-y-degradacion-universitaria\/#primaryimage\"},\"image\":{\"@id\":\"https:\/\/civica.pe\/wp\/opinion\/politica-clientelista-y-degradacion-universitaria\/#primaryimage\"},\"thumbnailUrl\":\"https:\/\/civica.pe\/wp\/wp-content\/uploads\/2023\/09\/Politica-clientelista-y-degradacion-universitaria.jpg\",\"datePublished\":\"2023-09-26T13:39:11+00:00\",\"dateModified\":\"2023-09-26T13:39:14+00:00\",\"breadcrumb\":{\"@id\":\"https:\/\/civica.pe\/wp\/opinion\/politica-clientelista-y-degradacion-universitaria\/#breadcrumb\"},\"inLanguage\":\"es\",\"potentialAction\":[{\"@type\":\"ReadAction\",\"target\":[\"https:\/\/civica.pe\/wp\/opinion\/politica-clientelista-y-degradacion-universitaria\/\"]}]},{\"@type\":\"ImageObject\",\"inLanguage\":\"es\",\"@id\":\"https:\/\/civica.pe\/wp\/opinion\/politica-clientelista-y-degradacion-universitaria\/#primaryimage\",\"url\":\"https:\/\/civica.pe\/wp\/wp-content\/uploads\/2023\/09\/Politica-clientelista-y-degradacion-universitaria.jpg\",\"contentUrl\":\"https:\/\/civica.pe\/wp\/wp-content\/uploads\/2023\/09\/Politica-clientelista-y-degradacion-universitaria.jpg\",\"width\":900,\"height\":461},{\"@type\":\"BreadcrumbList\",\"@id\":\"https:\/\/civica.pe\/wp\/opinion\/politica-clientelista-y-degradacion-universitaria\/#breadcrumb\",\"itemListElement\":[{\"@type\":\"ListItem\",\"position\":1,\"name\":\"Portada\",\"item\":\"https:\/\/civica.pe\/wp\/\"},{\"@type\":\"ListItem\",\"position\":2,\"name\":\"Pol\u00edtica clientelista y degradaci\u00f3n universitaria\u00a0\"}]},{\"@type\":\"WebSite\",\"@id\":\"https:\/\/civica.pe\/wp\/#website\",\"url\":\"https:\/\/civica.pe\/wp\/\",\"name\":\"C\u00cdVICA | Asociaci\u00f3n C\u00edvica del Per\u00fa\",\"description\":\"Por la defensa de nuestro derecho al trabajo, al libre tr\u00e1nsito, a la integridad de las personas y la defensa de la propiedad p\u00fablica y privada.\",\"publisher\":{\"@id\":\"https:\/\/civica.pe\/wp\/#organization\"},\"potentialAction\":[{\"@type\":\"SearchAction\",\"target\":{\"@type\":\"EntryPoint\",\"urlTemplate\":\"https:\/\/civica.pe\/wp\/?s={search_term_string}\"},\"query-input\":{\"@type\":\"PropertyValueSpecification\",\"valueRequired\":true,\"valueName\":\"search_term_string\"}}],\"inLanguage\":\"es\"},{\"@type\":\"Organization\",\"@id\":\"https:\/\/civica.pe\/wp\/#organization\",\"name\":\"C\u00cdVICA | Asociaci\u00f3n C\u00edvica del Per\u00fa\",\"url\":\"https:\/\/civica.pe\/wp\/\",\"logo\":{\"@type\":\"ImageObject\",\"inLanguage\":\"es\",\"@id\":\"https:\/\/civica.pe\/wp\/#\/schema\/logo\/image\/\",\"url\":\"https:\/\/civica.pe\/wp\/wp-content\/uploads\/2022\/11\/LOGO_Mesa-de-trabajo-1.png\",\"contentUrl\":\"https:\/\/civica.pe\/wp\/wp-content\/uploads\/2022\/11\/LOGO_Mesa-de-trabajo-1.png\",\"width\":1812,\"height\":688,\"caption\":\"C\u00cdVICA | Asociaci\u00f3n C\u00edvica del Per\u00fa\"},\"image\":{\"@id\":\"https:\/\/civica.pe\/wp\/#\/schema\/logo\/image\/\"}},{\"@type\":\"Person\",\"@id\":\"https:\/\/civica.pe\/wp\/#\/schema\/person\/4c38c04e3861c351481ed65e2a3af65b\",\"name\":\"Fernando Cill\u00f3niz\",\"image\":{\"@type\":\"ImageObject\",\"inLanguage\":\"es\",\"@id\":\"https:\/\/civica.pe\/wp\/#\/schema\/person\/image\/\",\"url\":\"https:\/\/secure.gravatar.com\/avatar\/beffa69487b31e266774b04245f727e4?s=80&d=mm&r=g\",\"contentUrl\":\"https:\/\/secure.gravatar.com\/avatar\/beffa69487b31e266774b04245f727e4?s=80&d=mm&r=g\",\"caption\":\"Fernando Cill\u00f3niz\"},\"url\":\"https:\/\/civica.pe\/wp\/author\/fcilloniz\/\"}]}<\/script>\n<!-- \/ Yoast SEO plugin. -->","yoast_head_json":{"title":"Pol\u00edtica clientelista y degradaci\u00f3n universitaria\u00a0 - C\u00cdVICA | Asociaci\u00f3n C\u00edvica del Per\u00fa","robots":{"index":"index","follow":"follow","max-snippet":"max-snippet:-1","max-image-preview":"max-image-preview:large","max-video-preview":"max-video-preview:-1"},"canonical":"https:\/\/civica.pe\/wp\/opinion\/politica-clientelista-y-degradacion-universitaria\/","og_locale":"es_ES","og_type":"article","og_title":"Pol\u00edtica clientelista y degradaci\u00f3n universitaria","og_description":"\u2013 \u00bfQu\u00e9 tienen en com\u00fan C\u00e9sar Acu\u00f1a Peralta, Jos\u00e9 Luis El\u00edas Avalos, Jos\u00e9 Luna G\u00e1lvez, y Joaqu\u00edn Ram\u00edrez Gamarra? \u2013 (1\u00ba.) todos son pol\u00edticos en actividad, muy cuestionados, eso s\u00ed, y (2\u00ba.) todos son due\u00f1os de universidades de p\u00e9sima calidad acad\u00e9mica.","og_url":"https:\/\/civica.pe\/wp\/opinion\/politica-clientelista-y-degradacion-universitaria\/","og_site_name":"C\u00cdVICA | Asociaci\u00f3n C\u00edvica del Per\u00fa","article_published_time":"2023-09-26T13:39:11+00:00","article_modified_time":"2023-09-26T13:39:14+00:00","og_image":[{"width":900,"height":461,"url":"https:\/\/civica.pe\/wp\/wp-content\/uploads\/2023\/09\/Politica-clientelista-y-degradacion-universitaria.jpg","type":"image\/jpeg"}],"author":"Fernando Cill\u00f3niz","twitter_card":"summary_large_image","twitter_title":"Pol\u00edtica clientelista y degradaci\u00f3n universitaria","twitter_image":"https:\/\/civica.pe\/wp\/wp-content\/uploads\/2023\/09\/Politica-clientelista-y-degradacion-universitaria.jpg","twitter_misc":{"Escrito por":"Fernando Cill\u00f3niz","Tiempo de lectura":"4 minutos"},"schema":{"@context":"https:\/\/schema.org","@graph":[{"@type":"Article","@id":"https:\/\/civica.pe\/wp\/opinion\/politica-clientelista-y-degradacion-universitaria\/#article","isPartOf":{"@id":"https:\/\/civica.pe\/wp\/opinion\/politica-clientelista-y-degradacion-universitaria\/"},"author":{"name":"Fernando Cill\u00f3niz","@id":"https:\/\/civica.pe\/wp\/#\/schema\/person\/4c38c04e3861c351481ed65e2a3af65b"},"headline":"Pol\u00edtica clientelista y degradaci\u00f3n universitaria\u00a0","datePublished":"2023-09-26T13:39:11+00:00","dateModified":"2023-09-26T13:39:14+00:00","mainEntityOfPage":{"@id":"https:\/\/civica.pe\/wp\/opinion\/politica-clientelista-y-degradacion-universitaria\/"},"wordCount":780,"commentCount":3,"publisher":{"@id":"https:\/\/civica.pe\/wp\/#organization"},"image":{"@id":"https:\/\/civica.pe\/wp\/opinion\/politica-clientelista-y-degradacion-universitaria\/#primaryimage"},"thumbnailUrl":"https:\/\/civica.pe\/wp\/wp-content\/uploads\/2023\/09\/Politica-clientelista-y-degradacion-universitaria.jpg","keywords":["ENAM","UCV","UPSJB"],"articleSection":["Opini\u00f3n"],"inLanguage":"es","potentialAction":[{"@type":"CommentAction","name":"Comment","target":["https:\/\/civica.pe\/wp\/opinion\/politica-clientelista-y-degradacion-universitaria\/#respond"]}]},{"@type":"WebPage","@id":"https:\/\/civica.pe\/wp\/opinion\/politica-clientelista-y-degradacion-universitaria\/","url":"https:\/\/civica.pe\/wp\/opinion\/politica-clientelista-y-degradacion-universitaria\/","name":"Pol\u00edtica clientelista y degradaci\u00f3n universitaria\u00a0 - C\u00cdVICA | Asociaci\u00f3n C\u00edvica del Per\u00fa","isPartOf":{"@id":"https:\/\/civica.pe\/wp\/#website"},"primaryImageOfPage":{"@id":"https:\/\/civica.pe\/wp\/opinion\/politica-clientelista-y-degradacion-universitaria\/#primaryimage"},"image":{"@id":"https:\/\/civica.pe\/wp\/opinion\/politica-clientelista-y-degradacion-universitaria\/#primaryimage"},"thumbnailUrl":"https:\/\/civica.pe\/wp\/wp-content\/uploads\/2023\/09\/Politica-clientelista-y-degradacion-universitaria.jpg","datePublished":"2023-09-26T13:39:11+00:00","dateModified":"2023-09-26T13:39:14+00:00","breadcrumb":{"@id":"https:\/\/civica.pe\/wp\/opinion\/politica-clientelista-y-degradacion-universitaria\/#breadcrumb"},"inLanguage":"es","potentialAction":[{"@type":"ReadAction","target":["https:\/\/civica.pe\/wp\/opinion\/politica-clientelista-y-degradacion-universitaria\/"]}]},{"@type":"ImageObject","inLanguage":"es","@id":"https:\/\/civica.pe\/wp\/opinion\/politica-clientelista-y-degradacion-universitaria\/#primaryimage","url":"https:\/\/civica.pe\/wp\/wp-content\/uploads\/2023\/09\/Politica-clientelista-y-degradacion-universitaria.jpg","contentUrl":"https:\/\/civica.pe\/wp\/wp-content\/uploads\/2023\/09\/Politica-clientelista-y-degradacion-universitaria.jpg","width":900,"height":461},{"@type":"BreadcrumbList","@id":"https:\/\/civica.pe\/wp\/opinion\/politica-clientelista-y-degradacion-universitaria\/#breadcrumb","itemListElement":[{"@type":"ListItem","position":1,"name":"Portada","item":"https:\/\/civica.pe\/wp\/"},{"@type":"ListItem","position":2,"name":"Pol\u00edtica clientelista y degradaci\u00f3n universitaria\u00a0"}]},{"@type":"WebSite","@id":"https:\/\/civica.pe\/wp\/#website","url":"https:\/\/civica.pe\/wp\/","name":"C\u00cdVICA | Asociaci\u00f3n C\u00edvica del Per\u00fa","description":"Por la defensa de nuestro derecho al trabajo, al libre tr\u00e1nsito, a la integridad de las personas y la defensa de la propiedad p\u00fablica y privada.","publisher":{"@id":"https:\/\/civica.pe\/wp\/#organization"},"potentialAction":[{"@type":"SearchAction","target":{"@type":"EntryPoint","urlTemplate":"https:\/\/civica.pe\/wp\/?s={search_term_string}"},"query-input":{"@type":"PropertyValueSpecification","valueRequired":true,"valueName":"search_term_string"}}],"inLanguage":"es"},{"@type":"Organization","@id":"https:\/\/civica.pe\/wp\/#organization","name":"C\u00cdVICA | Asociaci\u00f3n C\u00edvica del Per\u00fa","url":"https:\/\/civica.pe\/wp\/","logo":{"@type":"ImageObject","inLanguage":"es","@id":"https:\/\/civica.pe\/wp\/#\/schema\/logo\/image\/","url":"https:\/\/civica.pe\/wp\/wp-content\/uploads\/2022\/11\/LOGO_Mesa-de-trabajo-1.png","contentUrl":"https:\/\/civica.pe\/wp\/wp-content\/uploads\/2022\/11\/LOGO_Mesa-de-trabajo-1.png","width":1812,"height":688,"caption":"C\u00cdVICA | Asociaci\u00f3n C\u00edvica del Per\u00fa"},"image":{"@id":"https:\/\/civica.pe\/wp\/#\/schema\/logo\/image\/"}},{"@type":"Person","@id":"https:\/\/civica.pe\/wp\/#\/schema\/person\/4c38c04e3861c351481ed65e2a3af65b","name":"Fernando Cill\u00f3niz","image":{"@type":"ImageObject","inLanguage":"es","@id":"https:\/\/civica.pe\/wp\/#\/schema\/person\/image\/","url":"https:\/\/secure.gravatar.com\/avatar\/beffa69487b31e266774b04245f727e4?s=80&d=mm&r=g","contentUrl":"https:\/\/secure.gravatar.com\/avatar\/beffa69487b31e266774b04245f727e4?s=80&d=mm&r=g","caption":"Fernando Cill\u00f3niz"},"url":"https:\/\/civica.pe\/wp\/author\/fcilloniz\/"}]}},"_links":{"self":[{"href":"https:\/\/civica.pe\/wp\/wp-json\/wp\/v2\/posts\/7030","targetHints":{"allow":["GET"]}}],"collection":[{"href":"https:\/\/civica.pe\/wp\/wp-json\/wp\/v2\/posts"}],"about":[{"href":"https:\/\/civica.pe\/wp\/wp-json\/wp\/v2\/types\/post"}],"author":[{"embeddable":true,"href":"https:\/\/civica.pe\/wp\/wp-json\/wp\/v2\/users\/2"}],"replies":[{"embeddable":true,"href":"https:\/\/civica.pe\/wp\/wp-json\/wp\/v2\/comments?post=7030"}],"version-history":[{"count":1,"href":"https:\/\/civica.pe\/wp\/wp-json\/wp\/v2\/posts\/7030\/revisions"}],"predecessor-version":[{"id":7032,"href":"https:\/\/civica.pe\/wp\/wp-json\/wp\/v2\/posts\/7030\/revisions\/7032"}],"wp:featuredmedia":[{"embeddable":true,"href":"https:\/\/civica.pe\/wp\/wp-json\/wp\/v2\/media\/7031"}],"wp:attachment":[{"href":"https:\/\/civica.pe\/wp\/wp-json\/wp\/v2\/media?parent=7030"}],"wp:term":[{"taxonomy":"category","embeddable":true,"href":"https:\/\/civica.pe\/wp\/wp-json\/wp\/v2\/categories?post=7030"},{"taxonomy":"post_tag","embeddable":true,"href":"https:\/\/civica.pe\/wp\/wp-json\/wp\/v2\/tags?post=7030"}],"curies":[{"name":"wp","href":"https:\/\/api.w.org\/{rel}","templated":true}]}}